{"id":92,"date":"2019-09-08T04:30:35","date_gmt":"2019-09-08T04:30:35","guid":{"rendered":"http:\/\/aja.org.py\/wpes\/?p=92"},"modified":"2019-09-27T18:20:09","modified_gmt":"2019-09-27T18:20:09","slug":"primera-reunion-ejecutiva-del-festival-de-japon-nihon-matsuri-22-de-agosto-2019","status":"publish","type":"post","link":"http:\/\/aja.org.py\/wpes\/2019\/09\/08\/primera-reunion-ejecutiva-del-festival-de-japon-nihon-matsuri-22-de-agosto-2019\/","title":{"rendered":"Primera reuni\u00f3n ejecutiva del Festival de Jap\u00f3n (Nihon-Matsuri), 22 de agosto 2019"},"content":{"rendered":"\n<p>Primera reuni\u00f3n ejecutiva del festival japon\u00e9s Nihon-Matsuri <\/p>\n\n\n\n<p>La reuni\u00f3n sobre el festival japon\u00e9s Nihon-Matsuri que se\ncelebrar\u00e1 el s\u00e1bado 9 de noviembre, se realiz\u00f3 en el sal\u00f3n de damas a partir de\nlas 19 horas del jueves 22 de agosto. La Embajada, el Comit\u00e9 Ejecutivo del\nCentenario, los Directores de la Asociaci\u00f3n Japonesa y otras partes\nrelacionadas se reunieron.<\/p>\n\n\n\n<figure class=\"wp-block-embed-facebook wp-block-embed is-type-video is-provider-facebook\"><div class=\"wp-block-embed__wrapper\">\n<div class=\"responsive-embed widescreen\"><div id=\"fb-root\"><\/div><script async=\"1\" defer=\"1\" crossorigin=\"anonymous\" src=\"https:\/\/connect.facebook.net\/en_US\/sdk.js#xfbml=1&amp;version=v4.0\"><\/script><div class=\"fb-video\" data-href=\"https:\/\/www.facebook.com\/354510222059790\/videos\/386037365424910\/\" data-width=\"1000\"><blockquote cite=\"https:\/\/www.facebook.com\/354510222059790\/videos\/386037365424910\/\" class=\"fb-xfbml-parse-ignore\"><a href=\"https:\/\/www.facebook.com\/354510222059790\/videos\/386037365424910\/\">\u65e5\u672c\u796d\u306e\u30d7\u30ed\u30e2\u30fc\u30b7\u30e7\u30f3\u30d3\u30c7\u30aa<\/a><p>\u65e5\u672c\u796d\u306e\u30d7\u30ed\u30e2\u30fc\u30b7\u30e7\u30f3\u30d3\u30c7\u30aa\u3000\uff12\uff10\uff11\uff19\u5e74\uff11\uff11\u6708\u3000\uff19\u65e5\uff08\u571f\uff09\u958b\u50ac<\/p>Posted by <a href=\"https:\/\/www.facebook.com\/&#x30a2;&#x30b9;&#x30f3;&#x30b7;&#x30aa;&#x30f3;&#x65e5;&#x672c;&#x4eba;&#x4f1a;-354510222059790\/\">\u30a2\u30b9\u30f3\u30b7\u30aa\u30f3\u65e5\u672c\u4eba\u4f1a<\/a> on Friday, September 27, 2019<\/blockquote><\/div><\/div>\n<\/div><\/figure>\n\n\n\n<p>Se realiz\u00f3 el resumen del evento y los nombramientos de cada cargo.<\/p>\n\n\n\n<figure class=\"wp-block-image\"><img decoding=\"async\" src=\"http:\/\/aja.org.py\/wp\/wp-content\/uploads\/2019\/09\/nihon-01-001.jpg\" alt=\"\" class=\"wp-image-215\"\/><\/figure>\n\n\n\n<figure class=\"wp-block-image\"><img decoding=\"async\" src=\"http:\/\/aja.org.py\/wp\/wp-content\/uploads\/2019\/09\/nihon-01-002.jpg\" alt=\"\" class=\"wp-image-216\"\/><\/figure>\n\n\n\n<figure class=\"wp-block-image\"><img decoding=\"async\" src=\"http:\/\/aja.org.py\/wp\/wp-content\/uploads\/2019\/09\/nihon-01-003.jpg\" alt=\"\" class=\"wp-image-217\"\/><\/figure>\n\n\n\n<figure class=\"wp-block-image\"><img decoding=\"async\" src=\"http:\/\/aja.org.py\/wp\/wp-content\/uploads\/2019\/09\/nihon-01-004.jpg\" alt=\"\" class=\"wp-image-218\"\/><\/figure>\n\n\n\n<p><\/p>\n\n\n\n<p><\/p>\n\n\n\n<p><\/p>\n","protected":false},"excerpt":{"rendered":"<p>Primera reuni\u00f3n ejecutiva del festival japon\u00e9s Nihon-Matsuri La reuni\u00f3n sobre el festival japon\u00e9s Nihon-Matsuri que se celebrar\u00e1 el s\u00e1bado 9 de noviembre, se realiz\u00f3 en el sal\u00f3n de damas a partir de las 19 horas del jueves 22 de agosto&#8230;.<\/p>\n","protected":false},"author":1,"featured_media":93,"comment_status":"open","ping_status":"open","sticky":false,"template":"","format":"standard","meta":[],"categories":[1],"tags":[],"jetpack_featured_media_url":"http:\/\/aja.org.py\/wpes\/wp-content\/uploads\/2019\/09\/nihon-01-004.jpg","_links":{"self":[{"href":"http:\/\/aja.org.py\/wpes\/wp-json\/wp\/v2\/posts\/92"}],"collection":[{"href":"http:\/\/aja.org.py\/wpes\/wp-json\/wp\/v2\/posts"}],"about":[{"href":"http:\/\/aja.org.py\/wpes\/wp-json\/wp\/v2\/types\/post"}],"author":[{"embeddable":true,"href":"http:\/\/aja.org.py\/wpes\/wp-json\/wp\/v2\/users\/1"}],"replies":[{"embeddable":true,"href":"http:\/\/aja.org.py\/wpes\/wp-json\/wp\/v2\/comments?post=92"}],"version-history":[{"count":3,"href":"http:\/\/aja.org.py\/wpes\/wp-json\/wp\/v2\/posts\/92\/revisions"}],"predecessor-version":[{"id":148,"href":"http:\/\/aja.org.py\/wpes\/wp-json\/wp\/v2\/posts\/92\/revisions\/148"}],"wp:featuredmedia":[{"embeddable":true,"href":"http:\/\/aja.org.py\/wpes\/wp-json\/wp\/v2\/media\/93"}],"wp:attachment":[{"href":"http:\/\/aja.org.py\/wpes\/wp-json\/wp\/v2\/media?parent=92"}],"wp:term":[{"taxonomy":"category","embeddable":true,"href":"http:\/\/aja.org.py\/wpes\/wp-json\/wp\/v2\/categories?post=92"},{"taxonomy":"post_tag","embeddable":true,"href":"http:\/\/aja.org.py\/wpes\/wp-json\/wp\/v2\/tags?post=92"}],"curies":[{"name":"wp","href":"https:\/\/api.w.org\/{rel}","templated":true}]}}