{"id":80,"date":"2019-09-08T04:08:21","date_gmt":"2019-09-08T04:08:21","guid":{"rendered":"http:\/\/aja.org.py\/wpes\/?p=80"},"modified":"2019-09-12T21:51:14","modified_gmt":"2019-09-12T21:51:14","slug":"ceremonia-de-inauguracion-del-complejo-deportivo-villa-elisa-4-de-febrero-de-2006","status":"publish","type":"post","link":"http:\/\/aja.org.py\/wpes\/2019\/09\/08\/ceremonia-de-inauguracion-del-complejo-deportivo-villa-elisa-4-de-febrero-de-2006\/","title":{"rendered":"Ceremonia de inauguraci\u00f3n del complejo deportivo Villa Elisa (4 de febrero de 2006)"},"content":{"rendered":"\n<p>Ceremonia de inauguraci\u00f3n del complejo deportivo Villa Elisa (4 de febrero de 2006)<\/p>\n\n\n\n<p><\/p>\n\n\n\n<p>El campo deportivo en Villa Elisa, propiedad de la Asociaci\u00f3n\nJaponesa, el quincho fue renovado para ejectar varios eventos y se celebr\u00f3 la\nceremonia de inauguraci\u00f3n. <\/p>\n\n\n\n<p>. Antes &nbsp;hab\u00eda un peque\u00f1o quincho\nen este lugar, pero no era lo suficientemente. <\/p>\n\n\n\n<p><\/p>\n\n\n\n<figure class=\"wp-block-image\"><img decoding=\"async\" src=\"http:\/\/aja.org.py\/wp\/wp-content\/uploads\/2019\/09\/2006-02-nihonjinkai-001.jpg\" alt=\"\" class=\"wp-image-233\"\/><\/figure>\n\n\n\n<p><\/p>\n\n\n\n<figure class=\"wp-block-image\"><img decoding=\"async\" src=\"http:\/\/aja.org.py\/wp\/wp-content\/uploads\/2019\/09\/2006-02-nihonjinkai-002.jpg\" alt=\"\" class=\"wp-image-234\"\/><\/figure>\n\n\n\n<figure class=\"wp-block-image\"><img decoding=\"async\" src=\"http:\/\/aja.org.py\/wp\/wp-content\/uploads\/2019\/09\/2006-02-nihonjinkai-003.jpg\" alt=\"\" class=\"wp-image-235\"\/><\/figure>\n\n\n\n<p>La cinta cortada fue realizada por el presidente Maehara y el embajador Takahashi<\/p>\n\n\n\n<figure class=\"wp-block-image\"><img decoding=\"async\" src=\"http:\/\/aja.org.py\/wp\/wp-content\/uploads\/2019\/09\/2006-02-nihonjinkai-004.jpg\" alt=\"\" class=\"wp-image-236\"\/><\/figure>\n\n\n\n<figure class=\"wp-block-image\"><img decoding=\"async\" src=\"http:\/\/aja.org.py\/wp\/wp-content\/uploads\/2019\/09\/2006-02-nihonjinkai-005.jpg\" alt=\"\" class=\"wp-image-237\"\/><\/figure>\n\n\n\n<p><\/p>\n\n\n\n<figure class=\"wp-block-image\"><img decoding=\"async\" src=\"http:\/\/aja.org.py\/wp\/wp-content\/uploads\/2019\/09\/2006-02-nihonjinkai-006.jpg\" alt=\"\" class=\"wp-image-238\"\/><\/figure>\n\n\n\n<p><\/p>\n\n\n\n<p><\/p>\n\n\n\n<p><\/p>\n","protected":false},"excerpt":{"rendered":"<p>Ceremonia de inauguraci\u00f3n del complejo deportivo Villa Elisa (4 de febrero de 2006) El campo deportivo en Villa Elisa, propiedad de la Asociaci\u00f3n Japonesa, el quincho fue renovado para ejectar varios eventos y se celebr\u00f3 la ceremonia de inauguraci\u00f3n. &#8230;.<\/p>\n","protected":false},"author":1,"featured_media":81,"comment_status":"open","ping_status":"open","sticky":false,"template":"","format":"standard","meta":[],"categories":[1],"tags":[],"jetpack_featured_media_url":"http:\/\/aja.org.py\/wpes\/wp-content\/uploads\/2019\/09\/2006-02-nihonjinkai-001.jpg","_links":{"self":[{"href":"http:\/\/aja.org.py\/wpes\/wp-json\/wp\/v2\/posts\/80"}],"collection":[{"href":"http:\/\/aja.org.py\/wpes\/wp-json\/wp\/v2\/posts"}],"about":[{"href":"http:\/\/aja.org.py\/wpes\/wp-json\/wp\/v2\/types\/post"}],"author":[{"embeddable":true,"href":"http:\/\/aja.org.py\/wpes\/wp-json\/wp\/v2\/users\/1"}],"replies":[{"embeddable":true,"href":"http:\/\/aja.org.py\/wpes\/wp-json\/wp\/v2\/comments?post=80"}],"version-history":[{"count":2,"href":"http:\/\/aja.org.py\/wpes\/wp-json\/wp\/v2\/posts\/80\/revisions"}],"predecessor-version":[{"id":121,"href":"http:\/\/aja.org.py\/wpes\/wp-json\/wp\/v2\/posts\/80\/revisions\/121"}],"wp:featuredmedia":[{"embeddable":true,"href":"http:\/\/aja.org.py\/wpes\/wp-json\/wp\/v2\/media\/81"}],"wp:attachment":[{"href":"http:\/\/aja.org.py\/wpes\/wp-json\/wp\/v2\/media?parent=80"}],"wp:term":[{"taxonomy":"category","embeddable":true,"href":"http:\/\/aja.org.py\/wpes\/wp-json\/wp\/v2\/categories?post=80"},{"taxonomy":"post_tag","embeddable":true,"href":"http:\/\/aja.org.py\/wpes\/wp-json\/wp\/v2\/tags?post=80"}],"curies":[{"name":"wp","href":"https:\/\/api.w.org\/{rel}","templated":true}]}}