{"id":487,"date":"2023-03-28T19:35:35","date_gmt":"2023-03-28T19:35:35","guid":{"rendered":"http:\/\/aja.org.py\/wpes\/?p=487"},"modified":"2023-03-28T19:35:35","modified_gmt":"2023-03-28T19:35:35","slug":"63-asamblea-general-ordinaria%e3%80%8026-de-febrero-2023","status":"publish","type":"post","link":"http:\/\/aja.org.py\/wpes\/2023\/03\/28\/63-asamblea-general-ordinaria%e3%80%8026-de-febrero-2023\/","title":{"rendered":"63\u00b0 Asamblea General Ordinaria\u3000(26 de febrero 2023)"},"content":{"rendered":"\n<p><strong>Se llev\u00f3 a cabo 63\u00b0 Asamblea General Ordinaria en sal\u00f3n Fundadores. Se realiz\u00f3 en forma H\u00edbrida, participaron 42 socios aparte 19 poderes.<\/strong><\/p>\n\n\n\n<p>Se culmin\u00f3 con \u00e9xito total.<\/p>\n\n\n\n<p>El resultado de cambios parcial de miembros directivos fueron los siguientes:<\/p>\n\n\n\n<p>Miembros salientes: Miguel Ishida; Jos\u00e9 Kurita; Shiro Yamanishi.<\/p>\n\n\n\n<p>Miembros nuevos: Pedro Yasuda; Ever Gonzalez; Hideki Nagai.<\/p>\n\n\n\n<h1>Comisi\u00f3n Directiva a\u00f1o 2023<\/h1>\n\n\n\n<figure class=\"wp-block-table\"><table><tbody><tr><td>Consejero:<\/td><td>Hiromichi Maehara<\/td><td>&nbsp;<\/td><td>&nbsp;<\/td><\/tr><tr><td>Presidente:<\/td><td>Eduardo Ryusuke Higaki<\/td><td>&nbsp;<\/td><\/tr><tr><td>Vicepresidentes:<\/td><td>Yosuke Morohashi<\/td><td>Yuji Yoshizaki<\/td><td>&nbsp;<\/td><\/tr><tr><td>Secretario General:<\/td><td>Francisco Ogura<\/td><td>Hitoshi Suzuki<\/td><td>&nbsp;<\/td><\/tr><tr><td>Finanzas:<\/td><td>Tetsuo Watanabe<\/td><td>Evert Gonzalez<\/td><td>&nbsp;<\/td><\/tr><tr><td>Educaci\u00f3n:<\/td><td>Pedro Yasuda<\/td><td>Hitoshi Suzuki<\/td><td>Hideki Nagai<\/td><\/tr><tr><td>Cultura:<\/td><td>Akihiko Kikuchi<\/td><td>Kenzo Terashima<\/td><td>Pedro Yasuda<\/td><\/tr><tr><td>Deportes:<\/td><td>Shiguenori Takahashi<\/td><td>Susumu Takahashi<\/td><td>Akihiko Kikuchi<\/td><\/tr><tr><td>Obras:<\/td><td>Masakazu Nakagoe<\/td><td>Hideki Nagai<\/td><td>Julio Seki<\/td><\/tr><tr><td>Bienestar Social:<\/td><td>Julio Seki<\/td><td>Tetsuo Watanabe<\/td><td>Shiguenori Takahashi<\/td><\/tr><tr><td>Organizaci\u00f3n:<\/td><td>Hitoshi Suzuki<\/td><td>Kenzo Terashima<\/td><td>&nbsp;<\/td><\/tr><tr><td>Comunicaci\u00f3n:<\/td><td>Francisco Ogura<\/td><td>Susumu Takahashi<\/td><td>&nbsp;<\/td><\/tr><tr><td>Rep. Kotobuki-Kai:<\/td><td>Akio Kikuchi<\/td><td>Masatake Kataoka<\/td><td>&nbsp;<\/td><\/tr><tr><td>Rep. Fujinbu:<\/td><td>Luisa Goto<\/td><td>Naomi Maehara<\/td><td>&nbsp;<\/td><\/tr><tr><td>Rep. Seinenbu:<\/td><td>Yuu Sakamoto<\/td><td>Jun Fuchiwaki<\/td><td>&nbsp;<\/td><\/tr><tr><td>Junta de S\u00edndicos:<\/td><td>Genaro Goto Presidente<\/td><td>Mar\u00eda Elena Endo<\/td><td>Emi Moriya<\/td><\/tr><tr><td>Secretaria Ejecutiva:<\/td><td>Ayumi Kikuchi<\/td><td>&nbsp;<\/td><td>&nbsp;<\/td><\/tr><\/tbody><\/table><\/figure>\n\n\n\n<p><\/p>\n\n\n\n<figure class=\"wp-block-image\"><img decoding=\"async\" src=\"http:\/\/aja.org.py\/wp\/wp-content\/uploads\/2023\/03\/asu-001-1.jpg\" alt=\"\" class=\"wp-image-3528\"\/><\/figure>\n\n\n\n<figure class=\"wp-block-image\"><img decoding=\"async\" src=\"http:\/\/aja.org.py\/wp\/wp-content\/uploads\/2023\/03\/asu-002-1.jpg\" alt=\"\" class=\"wp-image-3529\"\/><\/figure>\n\n\n\n<figure class=\"wp-block-image\"><img decoding=\"async\" src=\"http:\/\/aja.org.py\/wp\/wp-content\/uploads\/2023\/03\/asu-003-1.jpg\" alt=\"\" class=\"wp-image-3530\"\/><\/figure>\n\n\n\n<figure class=\"wp-block-image\"><img decoding=\"async\" src=\"http:\/\/aja.org.py\/wp\/wp-content\/uploads\/2023\/03\/asu-004-1.jpg\" alt=\"\" class=\"wp-image-3531\"\/><\/figure>\n\n\n\n<figure class=\"wp-block-image\"><img decoding=\"async\" src=\"http:\/\/aja.org.py\/wp\/wp-content\/uploads\/2023\/03\/asu-005-1.jpg\" alt=\"\" class=\"wp-image-3532\"\/><\/figure>\n\n\n\n<figure class=\"wp-block-image\"><img decoding=\"async\" src=\"http:\/\/aja.org.py\/wp\/wp-content\/uploads\/2023\/03\/asu-006-1-768x1024.jpg\" alt=\"\" class=\"wp-image-3533\"\/><\/figure>\n\n\n\n<figure class=\"wp-block-image\"><img decoding=\"async\" src=\"http:\/\/aja.org.py\/wp\/wp-content\/uploads\/2023\/03\/asu-007-1-768x1024.jpg\" alt=\"\" class=\"wp-image-3534\"\/><\/figure>\n\n\n\n<figure class=\"wp-block-image\"><img decoding=\"async\" src=\"http:\/\/aja.org.py\/wp\/wp-content\/uploads\/2023\/03\/asu-008-1-768x1024.jpg\" alt=\"\" class=\"wp-image-3535\"\/><\/figure>\n\n\n\n<p><\/p>\n\n\n\n<p><\/p>\n","protected":false},"excerpt":{"rendered":"<p>Se llev\u00f3 a cabo 63\u00b0 Asamblea General Ordinaria en sal\u00f3n Fundadores. Se realiz\u00f3 en forma H\u00edbrida, participaron 42 socios aparte 19 poderes. Se culmin\u00f3 con \u00e9xito total. El resultado de cambios parcial de miembros directivos fueron los siguientes: Miembros salientes:&#8230;<\/p>\n","protected":false},"author":1,"featured_media":488,"comment_status":"open","ping_status":"open","sticky":false,"template":"","format":"standard","meta":[],"categories":[1],"tags":[],"jetpack_featured_media_url":"http:\/\/aja.org.py\/wpes\/wp-content\/uploads\/2023\/03\/asu-003.jpg","_links":{"self":[{"href":"http:\/\/aja.org.py\/wpes\/wp-json\/wp\/v2\/posts\/487"}],"collection":[{"href":"http:\/\/aja.org.py\/wpes\/wp-json\/wp\/v2\/posts"}],"about":[{"href":"http:\/\/aja.org.py\/wpes\/wp-json\/wp\/v2\/types\/post"}],"author":[{"embeddable":true,"href":"http:\/\/aja.org.py\/wpes\/wp-json\/wp\/v2\/users\/1"}],"replies":[{"embeddable":true,"href":"http:\/\/aja.org.py\/wpes\/wp-json\/wp\/v2\/comments?post=487"}],"version-history":[{"count":1,"href":"http:\/\/aja.org.py\/wpes\/wp-json\/wp\/v2\/posts\/487\/revisions"}],"predecessor-version":[{"id":489,"href":"http:\/\/aja.org.py\/wpes\/wp-json\/wp\/v2\/posts\/487\/revisions\/489"}],"wp:featuredmedia":[{"embeddable":true,"href":"http:\/\/aja.org.py\/wpes\/wp-json\/wp\/v2\/media\/488"}],"wp:attachment":[{"href":"http:\/\/aja.org.py\/wpes\/wp-json\/wp\/v2\/media?parent=487"}],"wp:term":[{"taxonomy":"category","embeddable":true,"href":"http:\/\/aja.org.py\/wpes\/wp-json\/wp\/v2\/categories?post=487"},{"taxonomy":"post_tag","embeddable":true,"href":"http:\/\/aja.org.py\/wpes\/wp-json\/wp\/v2\/tags?post=487"}],"curies":[{"name":"wp","href":"https:\/\/api.w.org\/{rel}","templated":true}]}}